[{"@context":"https:\/\/schema.org\/","@type":"Article","@id":"https:\/\/www.cesolar.cz\/drevena-okna\/#Article","mainEntityOfPage":"https:\/\/www.cesolar.cz\/drevena-okna\/","headline":"D\u0159ev\u011bn\u00e1 okna","name":"D\u0159ev\u011bn\u00e1 okna","description":"Vyrob\u00edme pro v\u00e1s d\u0159ev\u011bn\u00e1 okna na m\u00edru a poskytneme v\u00e1m kompletn\u00ed servis, kter\u00fd je pro jejich v\u00fdm\u011bnu nutn\u00fd. Nechte [&hellip;]","datePublished":"2025-05-02","dateModified":"2025-05-02","author":{"@type":"Person","@id":"https:\/\/www.cesolar.cz\/author\/devene\/#Person","name":"devene","url":"https:\/\/www.cesolar.cz\/author\/devene\/","identifier":1,"image":{"@type":"ImageObject","@id":"https:\/\/secure.gravatar.com\/avatar\/a231d13c7dfc9c75f2343f864438f5ab9c0bfebd1aa37dfd3bb16118c04f838c?s=96&d=mm&r=g","url":"https:\/\/secure.gravatar.com\/avatar\/a231d13c7dfc9c75f2343f864438f5ab9c0bfebd1aa37dfd3bb16118c04f838c?s=96&d=mm&r=g","height":96,"width":96}},"publisher":{"@type":"Organization","name":"cesolar.cz","logo":{"@type":"ImageObject","@id":"\/logo.png","url":"\/logo.png","width":600,"height":60}},"url":"https:\/\/www.cesolar.cz\/drevena-okna\/","wordCount":172,"articleBody":"Vyrob\u00edme pro v\u00e1s d\u0159ev\u011bn\u00e1 okna na m\u00edru a poskytneme v\u00e1m kompletn\u00ed servis, kter\u00fd je pro jejich v\u00fdm\u011bnu nutn\u00fd. Nechte to na n\u00e1s, na \u010desk\u00e9m v\u00fdrobci, kter\u00fd si za roky sv\u00e9 existence vydobyl jm\u00e9no mezi dodavateli t\u011bchto v\u00fdrobk\u016f. D\u0159ev\u011bn\u00e1 okna v sou\u010dasn\u00e9 dob\u011b nepodl\u00e9haj\u00ed vliv\u016fm prost\u0159ed\u00ed a ur\u010dit\u011b se neza\u010dnou ani po letech kroutit, za co\u017e m\u016f\u017ee speci\u00e1ln\u00ed v\u00fdztu\u017e, kter\u00e1 se do nich vkl\u00e1d\u00e1. Ne\u010dekejte \u017e\u00e1dn\u00e9 probl\u00e9my s otv\u00edr\u00e1n\u00edm, nebo dokonce jejich t\u011bsnost\u00ed, dnes jde o v\u00fdrobek kvalitn\u00ed. Cena Pot\u011b\u0161\u00ed v\u00e1s p\u0159\u00edzniv\u00e1 cena, za kterou se dne\u0161n\u00ed D\u0159ev\u011bn\u00e1 okna daj\u00ed po\u0159\u00eddit. Nutn\u00e1 je ale v\u017edy konkr\u00e9tn\u00ed popt\u00e1vka, na z\u00e1klad\u011b kter\u00e9 se p\u0159iprav\u00ed p\u0159esn\u00e1 kalkulace na m\u00edru. Za\u0161lete n\u00e1m proto va\u0161e po\u017eadavky, budeme v\u00e1s kontaktovat a dohodneme v\u0161e, co je pot\u0159ebn\u00e9.                                                                                                                                                                                                                                                                                                                                                                                                "},{"@context":"https:\/\/schema.org\/","@type":"BreadcrumbList","itemListElement":[{"@type":"ListItem","position":1,"name":"D\u0159ev\u011bn\u00e1 okna","item":"https:\/\/www.cesolar.cz\/drevena-okna\/#breadcrumbitem"}]}]