[{"@context":"https:\/\/schema.org\/","@type":"Article","@id":"https:\/\/www.cesolar.cz\/musite-prece-odjet-do-prace\/#Article","mainEntityOfPage":"https:\/\/www.cesolar.cz\/musite-prece-odjet-do-prace\/","headline":"Mus\u00edte p\u0159ece odjet do pr\u00e1ce","name":"Mus\u00edte p\u0159ece odjet do pr\u00e1ce","description":"A tak\u00e9 d\u011bti odv\u00e9zt do \u0161koly, pop\u0159\u00edpad\u011b i nakoupit v\u0161e pot\u0159ebn\u00e9 pro va\u0161i dom\u00e1cnost. Ale jste u\u017e unaven\u00ed, ka\u017edodenn\u00ed [&hellip;]","datePublished":"2023-01-10","dateModified":"2023-12-14","author":{"@type":"Person","@id":"https:\/\/www.cesolar.cz\/author\/devene\/#Person","name":"devene","url":"https:\/\/www.cesolar.cz\/author\/devene\/","identifier":1,"image":{"@type":"ImageObject","@id":"https:\/\/secure.gravatar.com\/avatar\/a231d13c7dfc9c75f2343f864438f5ab9c0bfebd1aa37dfd3bb16118c04f838c?s=96&d=mm&r=g","url":"https:\/\/secure.gravatar.com\/avatar\/a231d13c7dfc9c75f2343f864438f5ab9c0bfebd1aa37dfd3bb16118c04f838c?s=96&d=mm&r=g","height":96,"width":96}},"publisher":{"@type":"Organization","name":"cesolar.cz","logo":{"@type":"ImageObject","@id":"\/logo.png","url":"\/logo.png","width":600,"height":60}},"image":{"@type":"ImageObject","@id":"https:\/\/www.cesolar.cz\/wp-content\/uploads\/auto%20st%C5%99%C3%ADbrn%C3%A9_6.jpeg","url":"https:\/\/www.cesolar.cz\/wp-content\/uploads\/auto%20st%C5%99%C3%ADbrn%C3%A9_6.jpeg","height":0,"width":0},"url":"https:\/\/www.cesolar.cz\/musite-prece-odjet-do-prace\/","about":["V\u00fdrobky"],"wordCount":510,"articleBody":"   A tak\u00e9 d\u011bti odv\u00e9zt do \u0161koly, pop\u0159\u00edpad\u011b i nakoupit v\u0161e pot\u0159ebn\u00e9 pro va\u0161i dom\u00e1cnost. Ale jste u\u017e unaven\u00ed, ka\u017edodenn\u00ed boj s n\u00e1mrazou v\u00e1s vy\u010derp\u00e1v\u00e1. Samoz\u0159ejm\u011b, \u017ee n\u00e1mraza, kter\u00e1 tak skv\u011ble dr\u017e\u00ed na kapot\u011b a oknech va\u0161eho vozidla, mus\u00ed pry\u010d. A kdo to d\u011blal, tedy ji odstra\u0148oval, v\u00ed o \u010dem je \u0159e\u010d. Jde to mnohdy velmi t\u011b\u017eko, a to jen s velk\u00fdm va\u0161\u00edm pracovn\u00edm \u00fasil\u00edm. Tak\u017ee ka\u017ed\u00e9 r\u00e1no \u0161kr\u00e1bat n\u00e1mrazu a zametat jej\u00ed kousky. N\u00e1mraza nejen, \u017ee v\u00e1m br\u00e1n\u00ed ve v\u00fdhledu z va\u0161eho automobilu, ale tak\u00e9 a to vydatn\u011b to m\u016f\u017ee po\u0161kozovat vrchn\u00ed lak, kter\u00fd je na karos\u00e9rii vozidla.Ale pozor, nejen n\u00e1mraza, tak\u00e9 i letn\u00ed siln\u00e9 slune\u010dn\u00ed z\u00e1\u0159en\u00ed se pod\u00edl\u00ed na pomal\u00e9m, ale jist\u00e9m po\u0161kozen\u00ed vrchn\u00ed laku automobilu. A lak je d\u016fle\u017eit\u00fd, chr\u00e1n\u00ed va\u0161eho mil\u00e1\u010dka p\u0159ed nep\u0159\u00edtelem \u010d\u00edslo jedna, kter\u00fdm je koroze. A ta se m\u016f\u017ee \u0161\u00ed\u0159it velmi rychle, ani to nezaregistrujete. Asi jste si toho ji\u017e v\u0161imli u vozidel na parkovi\u0161t\u00edch. Mal\u00e9 m\u00edste\u010dko s koroz\u00ed, kter\u00e9 se pot\u00e9 nekontrolovateln\u011b roz\u0161i\u0159uje. M\u016f\u017eete pou\u017e\u00edvat odrezova\u010de, z\u00e1kladn\u00ed i vrchn\u00ed barvy, ale u\u017e nic nepom\u016f\u017ee. Tento \u010dervoto\u010d na kovov\u00e9 plechy bude chroupat va\u0161eho mil\u00e1\u010dka d\u00e1le. Co tedy ud\u011blat, sehnat p\u0159edra\u017eenou gar\u00e1\u017e, aby bylo aut\u00ed\u010dko p\u011bkn\u011b v suchu, teple a ve st\u00ednu? Ne, ani to nen\u00ed to spr\u00e1vn\u00e9 \u0159e\u0161en\u00ed. Tak\u017ee ot\u00e1zka zn\u00ed, pro\u010d tedy nepom\u016f\u017ee, aby byl automobil ka\u017ed\u00fd den po j\u00edzd\u011b um\u00edst\u011bn\u00fd do zd\u011bn\u00e9 gar\u00e1\u017ee? Jak \u0159\u00edkaj\u00ed lid\u00e9 zku\u0161en\u00ed v t\u00e9to oblasti, um\u00edst\u011bn\u00ed sn\u011bhem \u010di de\u0161t\u011bm mokr\u00e9 auto do uzav\u0159en\u00e9ho nev\u011btran\u00e9ho prostoru, m\u00e1 sv\u00e9 velk\u00e9 m\u00ednus. Dokonce je ozna\u010dov\u00e1n uveden\u00fd postup ukryt\u00ed auta jako je\u0161t\u011b \u0161kodliv\u011bj\u0161\u00ed, ne\u017e by se jednalo o jeho zaparkov\u00e1n\u00ed p\u0159ed domem, tedy venku. Sn\u00edh a de\u0161\u0165ov\u00e1 voda pomalu taj\u00ed a odkap\u00e1vaj\u00ed v uzav\u0159en\u00e9m prostoru gar\u00e1\u017ee, kde je najednou obrovsk\u00e9 vlhko. Op\u011bt ide\u00e1ln\u00ed pro vznik nebezpe\u010dn\u00e9 koroze. Co tedy m\u016f\u017eete pro sv\u00e9ho mil\u00e1\u010dka ud\u011blat? Co takhle mu po\u0159\u00eddit kvalitn\u00ed gar\u00e1\u017eov\u00e9 st\u00e1n\u00ed pro 2 auta Ano, to je dobr\u00e9 \u0159e\u0161en\u00ed, ka\u017edodenn\u00ed boj b\u011bhem zimn\u00edho obdob\u00ed s n\u00e1mrazou, kter\u00fd v\u00e1s tak vy\u010derp\u00e1v\u00e1, bude jen ve va\u0161ich vzpom\u00ednk\u00e1ch. U\u017e nebudete ka\u017ed\u00e9 r\u00e1no \u0161kr\u00e1bat n\u00e1mrazu a zametat jej\u00ed kousky, abyste mohli vyjet do zam\u011bstn\u00e1n\u00ed a d\u011bti dopravit do \u0161koly. A tak\u00e9 se vyhnete i letn\u00edmu siln\u00e9mu slune\u010dn\u00edmu z\u00e1\u0159en\u00ed, kter\u00e9 se tak\u00e9 pod\u00edl\u00ed na pomal\u00e9m, ale jist\u00e9m po\u0161kozen\u00ed vrchn\u00ed laku automobilu.                                                                                                                                                                                                                                                                                                                                                                                                  "},{"@context":"https:\/\/schema.org\/","@type":"BreadcrumbList","itemListElement":[{"@type":"ListItem","position":1,"name":"Mus\u00edte p\u0159ece odjet do pr\u00e1ce","item":"https:\/\/www.cesolar.cz\/musite-prece-odjet-do-prace\/#breadcrumbitem"}]}]