[{"@context":"https:\/\/schema.org\/","@type":"Article","@id":"https:\/\/www.cesolar.cz\/nechte-deti-at-se-zaspini\/#Article","mainEntityOfPage":"https:\/\/www.cesolar.cz\/nechte-deti-at-se-zaspini\/","headline":"Nechte d\u011bti, a\u0165 se za\u0161pin\u00ed","name":"Nechte d\u011bti, a\u0165 se za\u0161pin\u00ed","description":"Steriln\u00ed prost\u0159ed\u00ed modern\u00edch dom\u00e1cnost\u00ed, ultramodern\u00ed d\u011btsk\u00e1 h\u0159i\u0161t\u011b, herny, t\u011blocvi\u010dny\u2026 A d\u011bti u\u017e nesk\u00e1\u010dou do kalu\u017ein, nepatlaj\u00ed se v\u00a0bl\u00e1t\u011b a [&hellip;]","datePublished":"2025-03-06","dateModified":"2023-04-29","author":{"@type":"Person","@id":"https:\/\/www.cesolar.cz\/author\/devene\/#Person","name":"devene","url":"https:\/\/www.cesolar.cz\/author\/devene\/","identifier":1,"image":{"@type":"ImageObject","@id":"https:\/\/secure.gravatar.com\/avatar\/a231d13c7dfc9c75f2343f864438f5ab9c0bfebd1aa37dfd3bb16118c04f838c?s=96&d=mm&r=g","url":"https:\/\/secure.gravatar.com\/avatar\/a231d13c7dfc9c75f2343f864438f5ab9c0bfebd1aa37dfd3bb16118c04f838c?s=96&d=mm&r=g","height":96,"width":96}},"publisher":{"@type":"Organization","name":"cesolar.cz","logo":{"@type":"ImageObject","@id":"\/logo.png","url":"\/logo.png","width":600,"height":60}},"image":{"@type":"ImageObject","@id":"https:\/\/www.cesolar.cz\/wp-content\/uploads\/img_a341112_w2385_t1553885835.jpg","url":"https:\/\/www.cesolar.cz\/wp-content\/uploads\/img_a341112_w2385_t1553885835.jpg","height":0,"width":0},"url":"https:\/\/www.cesolar.cz\/nechte-deti-at-se-zaspini\/","wordCount":447,"articleBody":"Steriln\u00ed prost\u0159ed\u00ed modern\u00edch dom\u00e1cnost\u00ed, ultramodern\u00ed d\u011btsk\u00e1 h\u0159i\u0161t\u011b, herny, t\u011blocvi\u010dny\u2026 A d\u011bti u\u017e nesk\u00e1\u010dou do kalu\u017ein, nepatlaj\u00ed se v\u00a0bl\u00e1t\u011b a nev\u00ed co to je \u0161p\u00edna. Je to dob\u0159e? D\u011bti jsou \u010dasto vychov\u00e1van\u00e9 jako sklen\u00edkov\u00e9 kytky a prvn\u00ed setk\u00e1n\u00ed se \u0161p\u00ednou je skol\u00ed. Nebojte se nechat d\u011bti u\u0161pinit u\u017e od malinka. Je to d\u016fle\u017eit\u00e9. A jak to ud\u011blat abyste nemuseli po\u0159\u00e1d pr\u00e1t a ukl\u00edzet?\tPo\u0159i\u010fte d\u011btem po\u0159\u00e1dnou v\u00fdbavu\tZ\u00e1sadn\u00ed je v\u00fdbava do de\u0161t\u011b. Na v\u00fdb\u011br m\u00e1te spoustu mo\u017enost\u00ed, od kombin\u00e9zy do de\u0161t\u011b a\u017e po komplety bundi\u010dky a kalhot. Tohle oble\u010den\u00ed je v\u011bt\u0161inou upraveno tak, aby nepromoklo, ale tak\u00e9 se extra neu\u0161pinilo \u2013 po zaschnut\u00ed lze oble\u010den\u00ed v\u011bt\u0161inou jen ut\u0159\u00edt mokr\u00fdm had\u0159\u00edkem a \u0161p\u00edna je z\u00a0velk\u00e9 \u010d\u00e1sti pry\u010d. Dal\u0161\u00ed v\u011bc, kterou budete pro d\u011bti pot\u0159ebovat jsou p\u0159edev\u0161\u00edm gum\u00e1ky. Gum\u00e1ky kupujte lehk\u00e9, tak aby d\u00edt\u011bti sed\u011bly a dob\u0159e se mu v\u00a0nich chodilo. D\u011bti jsou ak\u010dn\u00ed a gum\u00e1\u010dky jim nesm\u00ed zavazet, aby o n\u011b nezakop\u00e1valy, nebo jim nepadaly z\u00a0nohou.\t\tZapojte se taky\tNebojte se s\u00a0d\u011btmi taky vy\u0159\u00e1dit, d\u011bti uvid\u00ed i u v\u00e1s nad\u0161en\u00ed a radost z\u00a0pohybu v\u00a0lou\u017e\u00edch. Tak tro\u0161ku si zavzpom\u00edn\u00e1te na svoje d\u011btsk\u00e1 l\u00e9ta, kdy jste \u0159\u00e1dili a neb\u00e1li se trochy bahna a vody. V\u00fdhodou je, \u017ee d\u00edt\u011b bude v\u011bd\u011bt, \u017ee nen\u00ed \u0161patn\u011b se u\u0161pinit.\tNebojte se \tNebojte se \u017ee z\u00a0trochy \u0161p\u00edny d\u011bti hned n\u011bco chyt\u00ed. Samoz\u0159ejm\u011b je ide\u00e1ln\u00ed d\u011btem um\u00fdt co nej\u010dast\u011bji ruce, m\u016f\u017eete s\u00a0sebou ven nosit i vlh\u010den\u00e9 ubrousky a antibakteri\u00e1ln\u00ed gely ale sna\u017ete se to nep\u0159eh\u00e1n\u011bt. D\u011bti mus\u00ed m\u00edt trochu tr\u00e9novanou imunitu, mus\u00ed se prost\u011b ob\u010das s\u00a0n\u011bjak\u00fdmi bacily potkat. D\u011bti samoz\u0159ejm\u011b neonemocn\u00ed kv\u016fli ka\u017ed\u00e9mu vym\u00e1ch\u00e1n\u00ed se v\u00a0lou\u017ei nebo vyv\u00e1len\u00ed se v\u00a0bahn\u011b. To nejjednodu\u0161\u0161\u00ed co m\u016f\u017eete ud\u011blat je, dop\u0159\u00e1t jim pr\u00e1v\u011b tuto aktivitu, kter\u00e1 je p\u0159ibl\u00ed\u017e\u00ed va\u0161emu d\u011btstv\u00ed. Kdy\u017e jsme toti\u017e byli d\u011bti my, tyhle v\u011bci pro n\u00e1s byly p\u0159irozen\u00e9, dnes maj\u00ed d\u011bti aktivity \u010dasto naprosto p\u0159esn\u011b napl\u00e1novan\u00e9 a na spont\u00e1nn\u00ed hru jim moc \u010dasu nezb\u00fdv\u00e1.                                                                                                                                                                                                                                                                                                                                                                                                "},{"@context":"https:\/\/schema.org\/","@type":"BreadcrumbList","itemListElement":[{"@type":"ListItem","position":1,"name":"Nechte d\u011bti, a\u0165 se za\u0161pin\u00ed","item":"https:\/\/www.cesolar.cz\/nechte-deti-at-se-zaspini\/#breadcrumbitem"}]}]