[{"@context":"https:\/\/schema.org\/","@type":"Article","@id":"https:\/\/www.cesolar.cz\/nestoji-mi-nevim-co-s-tim-mam-delat\/#Article","mainEntityOfPage":"https:\/\/www.cesolar.cz\/nestoji-mi-nevim-co-s-tim-mam-delat\/","headline":"Nestoj\u00ed mi, nev\u00edm co s t\u00edm m\u00e1m d\u011blat!","name":"Nestoj\u00ed mi, nev\u00edm co s t\u00edm m\u00e1m d\u011blat!","description":"Sh\u00e1n\u00edte \u00fa\u010dinn\u00fd l\u00e9k, kter\u00fd v\u00e1m pom\u016f\u017ee v boji proti nefunk\u010dnosti va\u0161e pohlavn\u00edho org\u00e1nu? Ano mysl\u00edme t\u00edm, \u017ee v\u00e1m po\u0159\u00e1dn\u011b [&hellip;]","datePublished":"2022-03-31","dateModified":"2023-04-29","author":{"@type":"Person","@id":"https:\/\/www.cesolar.cz\/author\/devene\/#Person","name":"devene","url":"https:\/\/www.cesolar.cz\/author\/devene\/","identifier":1,"image":{"@type":"ImageObject","@id":"https:\/\/secure.gravatar.com\/avatar\/a231d13c7dfc9c75f2343f864438f5ab9c0bfebd1aa37dfd3bb16118c04f838c?s=96&d=mm&r=g","url":"https:\/\/secure.gravatar.com\/avatar\/a231d13c7dfc9c75f2343f864438f5ab9c0bfebd1aa37dfd3bb16118c04f838c?s=96&d=mm&r=g","height":96,"width":96}},"publisher":{"@type":"Organization","name":"cesolar.cz","logo":{"@type":"ImageObject","@id":"\/logo.png","url":"\/logo.png","width":600,"height":60}},"image":{"@type":"ImageObject","@id":"https:\/\/www.cesolar.cz\/wp-content\/uploads\/man-gd8d293539_640.jpg","url":"https:\/\/www.cesolar.cz\/wp-content\/uploads\/man-gd8d293539_640.jpg","height":0,"width":0},"url":"https:\/\/www.cesolar.cz\/nestoji-mi-nevim-co-s-tim-mam-delat\/","about":["\u017deny"],"wordCount":494,"articleBody":"         Sh\u00e1n\u00edte \u00fa\u010dinn\u00fd l\u00e9k, kter\u00fd v\u00e1m pom\u016f\u017ee v boji proti nefunk\u010dnosti va\u0161e pohlavn\u00edho org\u00e1nu? Ano mysl\u00edme t\u00edm, \u017ee v\u00e1m po\u0159\u00e1dn\u011b nestoj\u00ed! P\u0159ij\u010fte k n\u00e1m! Jste mu\u017e a r\u00e1di byste se sebou u\u017e kone\u010dn\u011b n\u011bco d\u011blali? Nemysl\u00edme t\u00edm, \u017ee za\u010dnete hubnout! Ale co takhle n\u011bco na va\u0161\u00ed erekci, kter\u00e1 u\u017e nen\u00ed to co b\u00fdvala? Jestli\u017ee se v\u00e1m tento n\u00e1\u0161 n\u00e1pad l\u00edb\u00ed tak jste na spr\u00e1vn\u00e9 adrese, proto\u017ee my v\u00e1s rozhodn\u011b ve \u0161tychu nenech\u00e1me! V dne\u0161n\u00ed modern\u00ed a nav\u00edc usp\u011bchan\u00e9 dob\u011b je cel\u00e1 \u0159ada p\u0159\u00edpravk\u016f pr\u00e1v\u011b pro tento probl\u00e9m, kter\u00fd m\u00e1 nespo\u010det mu\u017e\u016f, ale m\u00e1lo kdo se s t\u00edm n\u011bkomu sv\u011b\u0159\u00ed. My mu\u017ei jsme oded\u00e1vna pova\u017eov\u00e1ni za samce kte\u0159\u00ed mus\u00ed splnit hodnotu rozmno\u017eov\u00e1n\u00ed a t\u00edm b\u00fdt tak na vrcholu.Jen\u017ee co najednou d\u011blat pokud tomu tak nen\u00ed? C\u00edt\u00edte se tak nav\u00edc dokonce a\u017e trapn\u011b, \u017ee jste selhali pr\u00e1v\u011b v tu nejm\u00e9n\u011b vhodnou chv\u00edli a n\u011bkte\u0159\u00ed z n\u00e1s si toto selh\u00e1n\u00ed nesou klidn\u011b i n\u011bkolik let s sebou. R\u016fzn\u00e1 afrodiziaka, kter\u00e1 v\u00e1m zajist\u00ed nav\u00edc pot\u0159ebnou d\u00e1vku co v\u00e1m nyn\u00ed sch\u00e1z\u00ed. Jsou na to i r\u016fzn\u00e9 bylinky jako je nap\u0159\u00edklad kotvi\u010dn\u00edk, kter\u00fd je velmi dobr\u00fd nejen na srovn\u00e1n\u00ed hormon\u00e1ln\u00ed hladiny, ale tak\u00e9 na spr\u00e1vnou funkci mo\u010dov\u00e9ho m\u011bch\u00fd\u0159e. Tato vhodn\u00e1 https:\/\/www.erectmax.cz\/blog\/nahrada-viagry\/ je dobr\u00e9 \u0159e\u0161en\u00ed. Ale my v\u00e1m nab\u00edz\u00edme na\u0161e produkty u kter\u00fdch se nebudete muset nav\u00edc v\u016fbec b\u00e1t, \u017ee by m\u011bly n\u011bjak\u00e9 vedlej\u0161\u00ed \u00fa\u010dinky.Mus\u00edme p\u0159ece \u017een\u00e1m uk\u00e1zat, \u017ee na to m\u00e1me v ka\u017ed\u00e9m v\u011bku, proto\u017ee to z n\u00e1s d\u011bl\u00e1 po\u0159\u00e1dn\u00e9 chlapi! Tak\u017ee koukejte s t\u00edm za\u010d\u00edt n\u011bco d\u011blat u\u017e dnes, abyste se po\u0159\u00e1dn\u011b dostali do varu, a tak se mohli pochlubit p\u0159ed sv\u00fdmi kamar\u00e1dy nebo i dokonce kolegy co doma svedete! Nebo kv\u016fli sv\u00e9mu v\u011bku jste za\u010dal m\u00edt probl\u00e9m s prostatou? Tato v\u011bc je nep\u0159\u00edjemn\u00e1 pro ka\u017ed\u00e9ho mu\u017ee, proto\u017ee aby za\u010dal tak \u010dasto chodit na toaletu nebo v noci a jeho man\u017eelka byla nep\u0159\u00edjemn\u00e1, proto\u017ee j\u00ed st\u00e1le bud\u00ed to je p\u0159ece \u0161patn\u011b. Prostatu m\u00e1 ve sv\u00e9m t\u011ble ka\u017ed\u00fd mu\u017e jenom\u017ee jakmile za\u010dnou zdravotn\u00ed komplikace tak se zv\u011bt\u0161\u00ed a m\u016f\u017ee doj\u00edt i k p\u00e1len\u00ed. Pot\u0159ebujete poradit ohledn\u011b na\u0161ich skv\u011bl\u00fdch v\u00fdrobk\u016f? Obra\u0165te se na n\u00e1s s jak\u00fdmkoliv dotazem!                                                                                                                                                                                                                                                                                                                                                                                                  "},{"@context":"https:\/\/schema.org\/","@type":"BreadcrumbList","itemListElement":[{"@type":"ListItem","position":1,"name":"Nestoj\u00ed mi, nev\u00edm co s t\u00edm m\u00e1m d\u011blat!","item":"https:\/\/www.cesolar.cz\/nestoji-mi-nevim-co-s-tim-mam-delat\/#breadcrumbitem"}]}]