[{"@context":"https:\/\/schema.org\/","@type":"Article","@id":"https:\/\/www.cesolar.cz\/odborna-prace\/#Article","mainEntityOfPage":"https:\/\/www.cesolar.cz\/odborna-prace\/","headline":"Odborn\u00e1 pr\u00e1ce","name":"Odborn\u00e1 pr\u00e1ce","description":"V dne\u0161n\u00ed dob\u011b chce ka\u017ed\u00fd \u010dlov\u011bk n\u011bco zateplovat, aby mu doma bylo teplo. V\u017edycky jsem si \u0159\u00edkala, \u017ee kdybych [&hellip;]","datePublished":"2024-09-17","dateModified":"2024-09-17","author":{"@type":"Person","@id":"https:\/\/www.cesolar.cz\/author\/devene\/#Person","name":"devene","url":"https:\/\/www.cesolar.cz\/author\/devene\/","identifier":1,"image":{"@type":"ImageObject","@id":"https:\/\/secure.gravatar.com\/avatar\/a231d13c7dfc9c75f2343f864438f5ab9c0bfebd1aa37dfd3bb16118c04f838c?s=96&d=mm&r=g","url":"https:\/\/secure.gravatar.com\/avatar\/a231d13c7dfc9c75f2343f864438f5ab9c0bfebd1aa37dfd3bb16118c04f838c?s=96&d=mm&r=g","height":96,"width":96}},"publisher":{"@type":"Organization","name":"cesolar.cz","logo":{"@type":"ImageObject","@id":"\/logo.png","url":"\/logo.png","width":600,"height":60}},"image":{"@type":"ImageObject","@id":"https:\/\/www.cesolar.cz\/wp-content\/uploads\/polystyrene-911001_1280_9.jpg","url":"https:\/\/www.cesolar.cz\/wp-content\/uploads\/polystyrene-911001_1280_9.jpg","height":0,"width":0},"url":"https:\/\/www.cesolar.cz\/odborna-prace\/","about":["Firmy"],"wordCount":392,"articleBody":"   V dne\u0161n\u00ed dob\u011b chce ka\u017ed\u00fd \u010dlov\u011bk n\u011bco zateplovat, aby mu doma bylo teplo. V\u017edycky jsem si \u0159\u00edkala, \u017ee kdybych cht\u011bla tak\u00e9 zateplovat, \u017ee bych si sehnala kvalitn\u00ed kotven\u00ed polystyrenu na fas\u00e1du. Pokud i vy hled\u00e1te informace o kotven\u00ed polystyrenu na fas\u00e1du, tak se pod\u00edvejte na webov\u00e9 str\u00e1nky spiralanksys.com, kde se dozv\u00edte v\u00edce informac\u00ed. Kotven\u00ed polystyrenu na fas\u00e1du doporu\u010duji ud\u011blat od n\u011bjak\u00e9ho profesion\u00e1la nebo kvalitn\u00ed ov\u011b\u0159en\u00e9 firmy. Nap\u0159\u00edklad j\u00e1 osobn\u011b bych si nenechala ud\u011blat jenom n\u011bco pro to, abych u\u0161et\u0159ila pen\u00edze. Proto\u017ee bych cht\u011bla b\u00fdt v\u0161echno opravdu kvalitn\u011b ud\u011blan\u00e9. A pokud bych hledala opravdu kvalitn\u00ed kotven\u00ed polystyrenu na fas\u00e1du, tak bych cht\u011bla jenom sam\u00e9 profesion\u00e1ly anebo n\u011bjak\u00e9ho odborn\u00edka. Nen\u00ed nad to si rad\u011bji p\u0159iplatit a m\u00edt pr\u00e1ci od profesion\u00e1la nebo podobn\u011b. Ale pokud m\u00e1te doma v rodin\u011b n\u011bkoho, kdo je opravdu \u0161ikovn\u00fd anebo tohle u\u017e n\u011bkolikr\u00e1t d\u011blal, tak to je potom n\u011bco jin\u00e9ho. M\u016f\u017eete si sehnat odborn\u00edka, n\u011bkde na internetu anebo si t\u0159eba tak\u00e9 d\u00e1t n\u011bjakou \u017e\u00e1dost, kdo by um\u011bl kotvit polystyren na fas\u00e1du. Pokud nikoho takov\u00e9ho nenajdete, tak doporu\u010duji se obr\u00e1tit opravdu na kvalitn\u00ed a profesion\u00e1ln\u00ed firmu, kter\u00e1 se v tomhle vyzn\u00e1.J\u00e1 jsem sp\u00ed\u0161e na odborn\u00edky a na profesion\u00e1ly, proto\u017ee chci m\u00edt v\u0161echno kvalitn\u011b ud\u011blan\u00e9. A kdy\u017e nem\u00e1m n\u011bco kvalitn\u011b ud\u011blan\u00e9, tak m\u011b to potom mrz\u00ed. A potom tak\u00e9 v\u00edm, \u017ee bych to musela ud\u011blat v\u0161echno \u00fapln\u011b znova. Mami, a kdybych tu potom m\u011bla d\u011blat znovu, tak by m\u011b to zase vy\u0161lo finan\u010dn\u011b opravdu hodn\u011b draze. Proto\u017ee kdy\u017e budete n\u011bco p\u0159ed\u011bl\u00e1vat, tak to znamen\u00e1, \u017ee to budete muset op\u011bt zaplatit. A kdy\u017e to zase bude d\u011blat n\u011bkdo neodborn\u011b, tak v\u00e1m t\u0159eba fas\u00e1da m\u016f\u017ee spadnout anebo kotven\u00ed do polystyrenu na fas\u00e1d\u011b tak\u00e9 bude nekvalitn\u011b ud\u011blan\u00e9. A to znamen\u00e1, \u017ee to tak\u00e9 potom budete muset cel\u00e9 p\u0159ed\u011bl\u00e1vat. A to zabere \u010das a tak\u00e9 potom spoustu pen\u011bz.                                                                                                                                                                                                                                                                                                                                                                                                   "},{"@context":"https:\/\/schema.org\/","@type":"BreadcrumbList","itemListElement":[{"@type":"ListItem","position":1,"name":"Odborn\u00e1 pr\u00e1ce","item":"https:\/\/www.cesolar.cz\/odborna-prace\/#breadcrumbitem"}]}]